{"id":1981,"date":"2020-06-24T10:43:06","date_gmt":"2020-06-24T08:43:06","guid":{"rendered":"http:\/\/ateliersophro.com\/?p=1981"},"modified":"2025-08-30T15:15:51","modified_gmt":"2025-08-30T13:15:51","slug":"installation-a-courbevoie","status":"publish","type":"post","link":"https:\/\/www.ateliersophro.com\/index.php\/2020\/06\/24\/installation-a-courbevoie\/","title":{"rendered":"Installation \u00e0 Courbevoie !"},"content":{"rendered":"<div class=\"kvgmc6g5 cxmmr5t8 oygrvhab hcukyx3x c1et5uql ii04i59q\">\n<div dir=\"auto\">Bonjour \u00e0 tous,<\/div>\n<\/div>\n<div class=\"o9v6fnle cxmmr5t8 oygrvhab hcukyx3x c1et5uql ii04i59q\">\n<div dir=\"auto\">J&rsquo;ai le plaisir de vous annoncer l&rsquo;installation des Ateliers de sophrologie et le d\u00e9m\u00e9nagement du cabinet \u00e0 Courbevoie au 11O rue de Colombes \u00e0 la limite de La Garenne-Colombes \u00e0 partir de septembre <span class=\"q9uorilb tbxw36s4 knj5qynh kvgmc6g5 ditlmg2l oygrvhab nvdbi5me fgm26odu gl3lb2sf hhz5lgdu\"><img decoding=\"async\" src=\"https:\/\/static.xx.fbcdn.net\/images\/emoji.php\/v9\/tc\/2\/16\/1f973.png\" alt=\"\ud83e\udd73\" width=\"16\" height=\"16\" \/><\/span><span class=\"q9uorilb tbxw36s4 knj5qynh kvgmc6g5 ditlmg2l oygrvhab nvdbi5me fgm26odu gl3lb2sf hhz5lgdu\"><img decoding=\"async\" src=\"https:\/\/static.xx.fbcdn.net\/images\/emoji.php\/v9\/tb2\/2\/16\/1f9d8_200d_2640.png\" alt=\"\ud83e\uddd8\u200d\u2640\ufe0f\" width=\"16\" height=\"16\" \/><\/span><\/div>\n<\/div>\n<div class=\"o9v6fnle cxmmr5t8 oygrvhab hcukyx3x c1et5uql ii04i59q\">\n<div dir=\"auto\">Les cr\u00e9neaux individuels sont dores et d\u00e9j\u00e0 r\u00e9ouverts en pr\u00e9sentiel \u00e0 une adresse provisoire \u00e0 Courbevoie et la visio reste possible.<\/div>\n<\/div>\n<div class=\"o9v6fnle cxmmr5t8 oygrvhab hcukyx3x c1et5uql ii04i59q\">\n<div dir=\"auto\">En individuel, rendez-vous sur <strong>Perfactive<\/strong>.fr pour :<\/div>\n<div dir=\"auto\">&#8211; La sophrologie adultes \/ enfants et sessions en famille<\/div>\n<div dir=\"auto\">&#8211; L&rsquo;hypnose adultes \/ enfants avec un accompagnement sp\u00e9cifique en gestion du poids.<\/div>\n<div dir=\"auto\">&#8211; Le traitement des traumatismes par mouvements oculaires (mieux connu sous le nom d&rsquo;EMDR)<\/div>\n<div dir=\"auto\"><a href=\"https:\/\/perfactive.fr\/sophrologue-et-praticienne-en-hypnose\/courbevoie\/caroline-jolivet\" target=\"_blank\" rel=\"noopener\">https:\/\/perfactive.fr\/sophrologue-et-praticienne-en-hypnose\/courbevoie\/caroline-jolivet<\/a><\/div>\n<\/div>\n<div class=\"o9v6fnle cxmmr5t8 oygrvhab hcukyx3x c1et5uql ii04i59q\">\n<div dir=\"auto\">Pour des interventions dans les \u00e9coles, en entreprises ou des ateliers sur-mesure, contactez-moi au 0650743100 ou par mail cjolivet@ateliersophro.com<\/div>\n<\/div>\n<div class=\"o9v6fnle cxmmr5t8 oygrvhab hcukyx3x c1et5uql ii04i59q\">\n<div dir=\"auto\">Bonne journ\u00e9e,<\/div>\n<\/div>\n<div dir=\"auto\">Caroline Jolivet<\/div>\n<div class=\"o9v6fnle cxmmr5t8 oygrvhab hcukyx3x c1et5uql ii04i59q\">\n<div dir=\"auto\"><img fetchpriority=\"high\" decoding=\"async\" class=\"alignleft size-full wp-image-1979\" src=\"http:\/\/ateliersophro.com\/wp-content\/uploads\/2020\/06\/1.png\" alt=\"\" width=\"1280\" height=\"720\" srcset=\"https:\/\/www.ateliersophro.com\/wp-content\/uploads\/2020\/06\/1.png 1280w, https:\/\/www.ateliersophro.com\/wp-content\/uploads\/2020\/06\/1-300x169.png 300w, https:\/\/www.ateliersophro.com\/wp-content\/uploads\/2020\/06\/1-768x432.png 768w, https:\/\/www.ateliersophro.com\/wp-content\/uploads\/2020\/06\/1-1024x576.png 1024w, https:\/\/www.ateliersophro.com\/wp-content\/uploads\/2020\/06\/1-533x300.png 533w\" sizes=\"(max-width: 1280px) 100vw, 1280px\" \/><\/div>\n<\/div>\n","protected":false},"excerpt":{"rendered":"<p>Bonjour \u00e0 tous, J&rsquo;ai le plaisir de vous annoncer l&rsquo;installation des Ateliers de sophrologie et le d\u00e9m\u00e9nagement du cabinet \u00e0 Courbevoie au 11O rue de Colombes \u00e0 la limite de La Garenne-Colombes \u00e0 partir de septembre Les cr\u00e9neaux individuels sont dores et d\u00e9j\u00e0 r\u00e9ouverts en pr\u00e9sentiel \u00e0 une adresse provisoire \u00e0 Courbevoie et la visio [&hellip;]<\/p>\n","protected":false},"author":1,"featured_media":1979,"comment_status":"closed","ping_status":"open","sticky":false,"template":"","format":"standard","meta":{"om_disable_all_campaigns":false,"footnotes":""},"categories":[24,25,31,33,164,26,39,40,165,23,4],"tags":[],"class_list":["post-1981","post","type-post","status-publish","format-standard","has-post-thumbnail","hentry","category-stress","category-confiance-en-soi","category-enfants","category-entreprises","category-formations","category-gerer-ses-emotions","category-phobies","category-pulsions","category-qualite-de-vie-au-travail","category-sommeil","category-sophro"],"aioseo_notices":[],"_links":{"self":[{"href":"https:\/\/www.ateliersophro.com\/index.php\/wp-json\/wp\/v2\/posts\/1981","targetHints":{"allow":["GET"]}}],"collection":[{"href":"https:\/\/www.ateliersophro.com\/index.php\/wp-json\/wp\/v2\/posts"}],"about":[{"href":"https:\/\/www.ateliersophro.com\/index.php\/wp-json\/wp\/v2\/types\/post"}],"author":[{"embeddable":true,"href":"https:\/\/www.ateliersophro.com\/index.php\/wp-json\/wp\/v2\/users\/1"}],"replies":[{"embeddable":true,"href":"https:\/\/www.ateliersophro.com\/index.php\/wp-json\/wp\/v2\/comments?post=1981"}],"version-history":[{"count":9,"href":"https:\/\/www.ateliersophro.com\/index.php\/wp-json\/wp\/v2\/posts\/1981\/revisions"}],"predecessor-version":[{"id":4164,"href":"https:\/\/www.ateliersophro.com\/index.php\/wp-json\/wp\/v2\/posts\/1981\/revisions\/4164"}],"wp:featuredmedia":[{"embeddable":true,"href":"https:\/\/www.ateliersophro.com\/index.php\/wp-json\/wp\/v2\/media\/1979"}],"wp:attachment":[{"href":"https:\/\/www.ateliersophro.com\/index.php\/wp-json\/wp\/v2\/media?parent=1981"}],"wp:term":[{"taxonomy":"category","embeddable":true,"href":"https:\/\/www.ateliersophro.com\/index.php\/wp-json\/wp\/v2\/categories?post=1981"},{"taxonomy":"post_tag","embeddable":true,"href":"https:\/\/www.ateliersophro.com\/index.php\/wp-json\/wp\/v2\/tags?post=1981"}],"curies":[{"name":"wp","href":"https:\/\/api.w.org\/{rel}","templated":true}]}}