{"id":2828,"date":"2022-06-15T10:05:11","date_gmt":"2022-06-15T08:05:11","guid":{"rendered":"http:\/\/ateliersophro.com\/?p=2828"},"modified":"2024-09-29T19:19:09","modified_gmt":"2024-09-29T17:19:09","slug":"rencontre-a-la-nuit-blanche-des-livres","status":"publish","type":"post","link":"https:\/\/www.ateliersophro.com\/index.php\/2022\/06\/15\/rencontre-a-la-nuit-blanche-des-livres\/","title":{"rendered":"Rencontre \u00e0 la Nuit blanche des livres"},"content":{"rendered":"\n<p>J&rsquo;aurais le plaisir de vous retrouver le vendredi 24 juin de 18h \u00e0 23h \u00e0 la Nuit blanche des livres organis\u00e9e par la librairie Mots en Marge \u00e0 La Garenne-Colombes, aux c\u00f4t\u00e9s de nombreux auteurs !<\/p>\n\n\n\n<p><\/p>\n\n\n\n<p><strong>D\u00e9couvrez \u00ab\u00a0Petite Coccinelle et la valise du sommeil\u00a0\u00bb<\/strong> <strong>et \u00ab\u00a0R\u00e9pare mon coeur\u00a0\u00bb<\/strong><\/p>\n\n\n\n<p><strong>deux contes et guides d&rsquo;activit\u00e9s de sophrologie<\/strong> <strong>pour les petits de 4-8 ans.<\/strong><\/p>\n\n\n\n<figure class=\"wp-block-image size-large\"><img fetchpriority=\"high\" decoding=\"async\" width=\"1024\" height=\"1024\" src=\"http:\/\/ateliersophro.com\/wp-content\/uploads\/2022\/06\/Petite-Coccinelle-et-la-valise-du-sommeil-4-1-1024x1024.jpg\" alt=\"\" class=\"wp-image-2831\" srcset=\"https:\/\/www.ateliersophro.com\/wp-content\/uploads\/2022\/06\/Petite-Coccinelle-et-la-valise-du-sommeil-4-1-1024x1024.jpg 1024w, https:\/\/www.ateliersophro.com\/wp-content\/uploads\/2022\/06\/Petite-Coccinelle-et-la-valise-du-sommeil-4-1-300x300.jpg 300w, https:\/\/www.ateliersophro.com\/wp-content\/uploads\/2022\/06\/Petite-Coccinelle-et-la-valise-du-sommeil-4-1-150x150.jpg 150w, https:\/\/www.ateliersophro.com\/wp-content\/uploads\/2022\/06\/Petite-Coccinelle-et-la-valise-du-sommeil-4-1-768x768.jpg 768w, https:\/\/www.ateliersophro.com\/wp-content\/uploads\/2022\/06\/Petite-Coccinelle-et-la-valise-du-sommeil-4-1-80x80.jpg 80w, https:\/\/www.ateliersophro.com\/wp-content\/uploads\/2022\/06\/Petite-Coccinelle-et-la-valise-du-sommeil-4-1-24x24.jpg 24w, https:\/\/www.ateliersophro.com\/wp-content\/uploads\/2022\/06\/Petite-Coccinelle-et-la-valise-du-sommeil-4-1-36x36.jpg 36w, https:\/\/www.ateliersophro.com\/wp-content\/uploads\/2022\/06\/Petite-Coccinelle-et-la-valise-du-sommeil-4-1-48x48.jpg 48w, https:\/\/www.ateliersophro.com\/wp-content\/uploads\/2022\/06\/Petite-Coccinelle-et-la-valise-du-sommeil-4-1-45x45.jpg 45w, https:\/\/www.ateliersophro.com\/wp-content\/uploads\/2022\/06\/Petite-Coccinelle-et-la-valise-du-sommeil-4-1.jpg 1080w\" sizes=\"(max-width: 1024px) 100vw, 1024px\" \/><\/figure>\n\n\n\n<figure class=\"wp-block-image size-large\"><img decoding=\"async\" width=\"819\" height=\"1024\" src=\"http:\/\/ateliersophro.com\/wp-content\/uploads\/2022\/06\/nuitblanche-819x1024.jpg\" alt=\"\" class=\"wp-image-2833\" srcset=\"https:\/\/www.ateliersophro.com\/wp-content\/uploads\/2022\/06\/nuitblanche-819x1024.jpg 819w, https:\/\/www.ateliersophro.com\/wp-content\/uploads\/2022\/06\/nuitblanche-240x300.jpg 240w, https:\/\/www.ateliersophro.com\/wp-content\/uploads\/2022\/06\/nuitblanche-768x960.jpg 768w, https:\/\/www.ateliersophro.com\/wp-content\/uploads\/2022\/06\/nuitblanche-1229x1536.jpg 1229w, https:\/\/www.ateliersophro.com\/wp-content\/uploads\/2022\/06\/nuitblanche-19x24.jpg 19w, https:\/\/www.ateliersophro.com\/wp-content\/uploads\/2022\/06\/nuitblanche-29x36.jpg 29w, https:\/\/www.ateliersophro.com\/wp-content\/uploads\/2022\/06\/nuitblanche-38x48.jpg 38w, https:\/\/www.ateliersophro.com\/wp-content\/uploads\/2022\/06\/nuitblanche.jpg 1440w\" sizes=\"(max-width: 819px) 100vw, 819px\" \/><\/figure>\n","protected":false},"excerpt":{"rendered":"<p>J&rsquo;aurais le plaisir de vous retrouver le vendredi 24 juin de 18h \u00e0 23h \u00e0 la Nuit blanche des livres organis\u00e9e par la librairie Mots en Marge \u00e0 La Garenne-Colombes, aux c\u00f4t\u00e9s de nombreux auteurs ! D\u00e9couvrez \u00ab\u00a0Petite Coccinelle et la valise du sommeil\u00a0\u00bb et \u00ab\u00a0R\u00e9pare mon coeur\u00a0\u00bb deux contes et guides d&rsquo;activit\u00e9s de sophrologie [&hellip;]<\/p>\n","protected":false},"author":1,"featured_media":2829,"comment_status":"closed","ping_status":"closed","sticky":false,"template":"","format":"standard","meta":{"om_disable_all_campaigns":false,"footnotes":""},"categories":[1,4],"tags":[],"class_list":["post-2828","post","type-post","status-publish","format-standard","has-post-thumbnail","hentry","category-non-classe","category-sophro"],"aioseo_notices":[],"_links":{"self":[{"href":"https:\/\/www.ateliersophro.com\/index.php\/wp-json\/wp\/v2\/posts\/2828","targetHints":{"allow":["GET"]}}],"collection":[{"href":"https:\/\/www.ateliersophro.com\/index.php\/wp-json\/wp\/v2\/posts"}],"about":[{"href":"https:\/\/www.ateliersophro.com\/index.php\/wp-json\/wp\/v2\/types\/post"}],"author":[{"embeddable":true,"href":"https:\/\/www.ateliersophro.com\/index.php\/wp-json\/wp\/v2\/users\/1"}],"replies":[{"embeddable":true,"href":"https:\/\/www.ateliersophro.com\/index.php\/wp-json\/wp\/v2\/comments?post=2828"}],"version-history":[{"count":2,"href":"https:\/\/www.ateliersophro.com\/index.php\/wp-json\/wp\/v2\/posts\/2828\/revisions"}],"predecessor-version":[{"id":2834,"href":"https:\/\/www.ateliersophro.com\/index.php\/wp-json\/wp\/v2\/posts\/2828\/revisions\/2834"}],"wp:featuredmedia":[{"embeddable":true,"href":"https:\/\/www.ateliersophro.com\/index.php\/wp-json\/wp\/v2\/media\/2829"}],"wp:attachment":[{"href":"https:\/\/www.ateliersophro.com\/index.php\/wp-json\/wp\/v2\/media?parent=2828"}],"wp:term":[{"taxonomy":"category","embeddable":true,"href":"https:\/\/www.ateliersophro.com\/index.php\/wp-json\/wp\/v2\/categories?post=2828"},{"taxonomy":"post_tag","embeddable":true,"href":"https:\/\/www.ateliersophro.com\/index.php\/wp-json\/wp\/v2\/tags?post=2828"}],"curies":[{"name":"wp","href":"https:\/\/api.w.org\/{rel}","templated":true}]}}