{"id":3006,"date":"2022-12-20T09:17:01","date_gmt":"2022-12-20T08:17:01","guid":{"rendered":"http:\/\/ateliersophro.com\/?p=3006"},"modified":"2025-08-30T15:13:04","modified_gmt":"2025-08-30T13:13:04","slug":"lappel-au-calme","status":"publish","type":"post","link":"https:\/\/www.ateliersophro.com\/index.php\/2022\/12\/20\/lappel-au-calme\/","title":{"rendered":"L&rsquo;appel au calme"},"content":{"rendered":"\n<p>Je suis ravie d\u2019avoir \u00e9t\u00e9 interview\u00e9e au sujet de la recherche de calme par <a href=\"https:\/\/www.facebook.com\/celine.cabourg?__cft__[0]=AZXoBLqD-b9ntsAcfjoTHuRYcVtxBEChWP1t88ePwgerzCWb0rFnCpymX3dlqMxjfiZluNQKDTqANSf7AaRM8aF4nb88T7CCbqs7F2qcn0KJ-OH4SkprjNpqdshmTpscFKHSeH3UoVHe7QvPVAZzR4-3q4tusshwXFwSkUKbjIeOtIdO2dPBbpp3K1kSRO_CMXapI_QLnZg7_cG4rSKWBHsD&amp;__tn__=-]K-y-R\" target=\"_blank\" rel=\"noopener\">C\u00e9line Cabourg<\/a> pour <a href=\"https:\/\/www.facebook.com\/MadameFigaro\/?__cft__[0]=AZXoBLqD-b9ntsAcfjoTHuRYcVtxBEChWP1t88ePwgerzCWb0rFnCpymX3dlqMxjfiZluNQKDTqANSf7AaRM8aF4nb88T7CCbqs7F2qcn0KJ-OH4SkprjNpqdshmTpscFKHSeH3UoVHe7QvPVAZzR4-3q4tusshwXFwSkUKbjIeOtIdO2dPBbpp3K1kSRO_CMXapI_QLnZg7_cG4rSKWBHsD&amp;__tn__=kK-y-R\" target=\"_blank\" rel=\"noopener\">Madame Figaro<\/a><\/p>\n\n\n\n<figure class=\"wp-block-image size-full\"><img fetchpriority=\"high\" decoding=\"async\" width=\"720\" height=\"960\" src=\"http:\/\/ateliersophro.com\/wp-content\/uploads\/2022\/12\/319959093_835524354421003_4086175955984445756_n.jpg\" alt=\"\" class=\"wp-image-3007\" srcset=\"https:\/\/www.ateliersophro.com\/wp-content\/uploads\/2022\/12\/319959093_835524354421003_4086175955984445756_n.jpg 720w, https:\/\/www.ateliersophro.com\/wp-content\/uploads\/2022\/12\/319959093_835524354421003_4086175955984445756_n-225x300.jpg 225w, https:\/\/www.ateliersophro.com\/wp-content\/uploads\/2022\/12\/319959093_835524354421003_4086175955984445756_n-18x24.jpg 18w, https:\/\/www.ateliersophro.com\/wp-content\/uploads\/2022\/12\/319959093_835524354421003_4086175955984445756_n-27x36.jpg 27w, https:\/\/www.ateliersophro.com\/wp-content\/uploads\/2022\/12\/319959093_835524354421003_4086175955984445756_n-36x48.jpg 36w\" sizes=\"(max-width: 720px) 100vw, 720px\" \/><\/figure>\n\n\n\n<figure class=\"wp-block-image size-full\"><img decoding=\"async\" width=\"730\" height=\"960\" src=\"http:\/\/ateliersophro.com\/wp-content\/uploads\/2022\/12\/319865425_5736493523138806_2252811242934101244_n.jpg\" alt=\"\" class=\"wp-image-3008\" srcset=\"https:\/\/www.ateliersophro.com\/wp-content\/uploads\/2022\/12\/319865425_5736493523138806_2252811242934101244_n.jpg 730w, https:\/\/www.ateliersophro.com\/wp-content\/uploads\/2022\/12\/319865425_5736493523138806_2252811242934101244_n-228x300.jpg 228w, https:\/\/www.ateliersophro.com\/wp-content\/uploads\/2022\/12\/319865425_5736493523138806_2252811242934101244_n-18x24.jpg 18w, https:\/\/www.ateliersophro.com\/wp-content\/uploads\/2022\/12\/319865425_5736493523138806_2252811242934101244_n-27x36.jpg 27w, https:\/\/www.ateliersophro.com\/wp-content\/uploads\/2022\/12\/319865425_5736493523138806_2252811242934101244_n-37x48.jpg 37w\" sizes=\"(max-width: 730px) 100vw, 730px\" \/><\/figure>\n\n\n\n<p><\/p>\n\n\n\n<p class=\"has-drop-cap\">Calme int\u00e9rieur ? Calme de l\u2019environnement ? Chacun a sa propre d\u00e9finition du calme. \u00catre au calme chez soi, profiter d\u2019un moment de calme (sans bruits ?) se sentir en s\u00e9curit\u00e9 ? Quelle est votre propre d\u00e9finition ? Pour trouver le calme c\u2019est important d\u2019identifier ce qui nous permet d\u2019y acc\u00e9der. <\/p>\n\n\n\n<figure class=\"wp-block-image\"><img decoding=\"async\" src=\"https:\/\/static.xx.fbcdn.net\/images\/emoji.php\/v9\/t7c\/2\/16\/263a.png\" alt=\"\u263a\ufe0f\"\/><\/figure>\n\n\n\n<p><\/p>\n\n\n\n<p>Pour lire l&rsquo;article en ligne , cliquez ici : <\/p>\n\n\n\n<p><a href=\"https:\/\/amp-madame.lefigaro.fr\/bien-etre\/forme-detente\/l-appel-au-calme-comment-liberer-de-la-place-dans-nos-tetes-20221205?fbclid=IwAR1QvMPH2hgnoRyTTw1YPx0J6P4fWB64uC__KVI_iM1w6d7axj1xdzKUVMc\" target=\"_blank\" rel=\"noopener\">https:\/\/amp-madame.lefigaro.fr\/bien-etre\/forme-detente\/l-appel-au-calme-comment-liberer-de-la-place-dans-nos-tetes-20221205?fbclid=IwAR1QvMPH2hgnoRyTTw1YPx0J6P4fWB64uC__KVI_iM1w6d7axj1xdzKUVMc<\/a><\/p>\n","protected":false},"excerpt":{"rendered":"<p>Je suis ravie d\u2019avoir \u00e9t\u00e9 interview\u00e9e au sujet de la recherche de calme par C\u00e9line Cabourg pour Madame Figaro Calme int\u00e9rieur ? Calme de l\u2019environnement ? Chacun a sa propre d\u00e9finition du calme. \u00catre au calme chez soi, profiter d\u2019un moment de calme (sans bruits ?) se sentir en s\u00e9curit\u00e9 ? Quelle est votre propre [&hellip;]<\/p>\n","protected":false},"author":1,"featured_media":3007,"comment_status":"closed","ping_status":"open","sticky":false,"template":"","format":"standard","meta":{"om_disable_all_campaigns":false,"footnotes":""},"categories":[169,1],"tags":[],"class_list":["post-3006","post","type-post","status-publish","format-standard","has-post-thumbnail","hentry","category-a-la-une","category-non-classe"],"aioseo_notices":[],"_links":{"self":[{"href":"https:\/\/www.ateliersophro.com\/index.php\/wp-json\/wp\/v2\/posts\/3006","targetHints":{"allow":["GET"]}}],"collection":[{"href":"https:\/\/www.ateliersophro.com\/index.php\/wp-json\/wp\/v2\/posts"}],"about":[{"href":"https:\/\/www.ateliersophro.com\/index.php\/wp-json\/wp\/v2\/types\/post"}],"author":[{"embeddable":true,"href":"https:\/\/www.ateliersophro.com\/index.php\/wp-json\/wp\/v2\/users\/1"}],"replies":[{"embeddable":true,"href":"https:\/\/www.ateliersophro.com\/index.php\/wp-json\/wp\/v2\/comments?post=3006"}],"version-history":[{"count":1,"href":"https:\/\/www.ateliersophro.com\/index.php\/wp-json\/wp\/v2\/posts\/3006\/revisions"}],"predecessor-version":[{"id":3009,"href":"https:\/\/www.ateliersophro.com\/index.php\/wp-json\/wp\/v2\/posts\/3006\/revisions\/3009"}],"wp:featuredmedia":[{"embeddable":true,"href":"https:\/\/www.ateliersophro.com\/index.php\/wp-json\/wp\/v2\/media\/3007"}],"wp:attachment":[{"href":"https:\/\/www.ateliersophro.com\/index.php\/wp-json\/wp\/v2\/media?parent=3006"}],"wp:term":[{"taxonomy":"category","embeddable":true,"href":"https:\/\/www.ateliersophro.com\/index.php\/wp-json\/wp\/v2\/categories?post=3006"},{"taxonomy":"post_tag","embeddable":true,"href":"https:\/\/www.ateliersophro.com\/index.php\/wp-json\/wp\/v2\/tags?post=3006"}],"curies":[{"name":"wp","href":"https:\/\/api.w.org\/{rel}","templated":true}]}}